{"id":5865,"date":"2018-05-28T08:33:05","date_gmt":"2018-05-28T07:33:05","guid":{"rendered":"http:\/\/camping-kerisole.fr\/?p=5865"},"modified":"2018-05-28T09:05:03","modified_gmt":"2018-05-28T08:05:03","slug":"de-drie-sterren-vermeld-in-de-telegramme","status":"publish","type":"post","link":"https:\/\/camping-kerisole.fr\/nl\/de-drie-sterren-vermeld-in-de-telegramme\/","title":{"rendered":"De drie sterren vermeld in de Telegramme"},"content":{"rendered":"<p>Vandaag in de Telegramme een mooi artikel van Francis Salaun over onze camping. Dit natuurlijk ook ter ere van het verkrijgen van de drie sterren.<\/p>\n","protected":false},"excerpt":{"rendered":"<p>Vandaag in de Telegramme een mooi artikel van Francis Salaun over onze camping. Dit natuurlijk ook ter ere van het verkrijgen van de drie sterren.<\/p>\n","protected":false},"author":6,"featured_media":5866,"comment_status":"open","ping_status":"open","sticky":false,"template":"","format":"standard","meta":{"_exactmetrics_skip_tracking":false,"_exactmetrics_sitenote_active":false,"_exactmetrics_sitenote_note":"","_exactmetrics_sitenote_category":0,"footnotes":""},"categories":[1],"tags":[],"class_list":["post-5865","post","type-post","status-publish","format-standard","has-post-thumbnail","hentry","category-nieuws"],"yoast_head":"<!-- This site is optimized with the Yoast SEO plugin v27.5 - https:\/\/yoast.com\/product\/yoast-seo-wordpress\/ -->\n<title>De drie sterren vermeld in de Telegramme - Camping Kerisole<\/title>\n<meta name=\"description\" content=\"Pour des vacances uniques en Bretagne : Le camping Kerisole*** est un camping convivial et chaleureux. Nous attachons beaucoup d\u2019importance au bien-\u00eatre, ainsi qu\u2019aux besoins de nos clients. Rappelez-vous \u00e9tant jeune, ces vacances, \u00e0 jamais grav\u00e9 dans votre m\u00e9moire, au c\u0153ur d\u2019un camping dans lequel la convivialit\u00e9 primait, voici ce que nous voulons vous offrir. Un cadre id\u00e9al pour que chacun puisse pratiquer diverses activit\u00e9s, qui permettront assur\u00e9ment, et ce qu\u2019importe votre \u00e2ge, de passer du bon temps. Le camping est ouvert d\u2019avril \u00e0 octobre.\" \/>\n<meta name=\"robots\" content=\"index, follow, max-snippet:-1, max-image-preview:large, max-video-preview:-1\" \/>\n<link rel=\"canonical\" href=\"https:\/\/camping-kerisole.fr\/nl\/de-drie-sterren-vermeld-in-de-telegramme\/\" \/>\n<meta property=\"og:locale\" content=\"nl_NL\" \/>\n<meta property=\"og:type\" content=\"article\" \/>\n<meta property=\"og:title\" content=\"De drie sterren vermeld in de Telegramme - Camping Kerisole\" \/>\n<meta property=\"og:description\" content=\"Pour des vacances uniques en Bretagne : Le camping Kerisole*** est un camping convivial et chaleureux. Nous attachons beaucoup d\u2019importance au bien-\u00eatre, ainsi qu\u2019aux besoins de nos clients. Rappelez-vous \u00e9tant jeune, ces vacances, \u00e0 jamais grav\u00e9 dans votre m\u00e9moire, au c\u0153ur d\u2019un camping dans lequel la convivialit\u00e9 primait, voici ce que nous voulons vous offrir. Un cadre id\u00e9al pour que chacun puisse pratiquer diverses activit\u00e9s, qui permettront assur\u00e9ment, et ce qu\u2019importe votre \u00e2ge, de passer du bon temps. Le camping est ouvert d\u2019avril \u00e0 octobre.\" \/>\n<meta property=\"og:url\" content=\"https:\/\/camping-kerisole.fr\/nl\/de-drie-sterren-vermeld-in-de-telegramme\/\" \/>\n<meta property=\"og:site_name\" content=\"Camping Kerisole\" \/>\n<meta property=\"article:publisher\" content=\"http:\/\/www.facebook.com\/campingkerisole\" \/>\n<meta property=\"article:published_time\" content=\"2018-05-28T07:33:05+00:00\" \/>\n<meta property=\"article:modified_time\" content=\"2018-05-28T08:05:03+00:00\" \/>\n<meta property=\"og:image\" content=\"https:\/\/camping-kerisole.fr\/wp-content\/uploads\/2018\/05\/180528-artikel-telegramme-e1527494482237.png\" \/>\n\t<meta property=\"og:image:width\" content=\"450\" \/>\n\t<meta property=\"og:image:height\" content=\"599\" \/>\n\t<meta property=\"og:image:type\" content=\"image\/png\" \/>\n<meta name=\"author\" content=\"Andy Gerling\" \/>\n<meta name=\"twitter:card\" content=\"summary_large_image\" \/>\n<meta name=\"twitter:label1\" content=\"Geschreven door\" \/>\n\t<meta name=\"twitter:data1\" content=\"Andy Gerling\" \/>\n<script type=\"application\/ld+json\" class=\"yoast-schema-graph\">{\"@context\":\"https:\\\/\\\/schema.org\",\"@graph\":[{\"@type\":\"Article\",\"@id\":\"https:\\\/\\\/camping-kerisole.fr\\\/nl\\\/de-drie-sterren-vermeld-in-de-telegramme\\\/#article\",\"isPartOf\":{\"@id\":\"https:\\\/\\\/camping-kerisole.fr\\\/nl\\\/de-drie-sterren-vermeld-in-de-telegramme\\\/\"},\"author\":{\"name\":\"Andy Gerling\",\"@id\":\"https:\\\/\\\/camping-kerisole.fr\\\/nl\\\/#\\\/schema\\\/person\\\/5e01a608393e664f6ef32d36880601eb\"},\"headline\":\"De drie sterren vermeld in de Telegramme\",\"datePublished\":\"2018-05-28T07:33:05+00:00\",\"dateModified\":\"2018-05-28T08:05:03+00:00\",\"mainEntityOfPage\":{\"@id\":\"https:\\\/\\\/camping-kerisole.fr\\\/nl\\\/de-drie-sterren-vermeld-in-de-telegramme\\\/\"},\"wordCount\":32,\"commentCount\":0,\"publisher\":{\"@id\":\"https:\\\/\\\/camping-kerisole.fr\\\/nl\\\/#organization\"},\"image\":{\"@id\":\"https:\\\/\\\/camping-kerisole.fr\\\/nl\\\/de-drie-sterren-vermeld-in-de-telegramme\\\/#primaryimage\"},\"thumbnailUrl\":\"https:\\\/\\\/camping-kerisole.fr\\\/wp-content\\\/uploads\\\/2018\\\/05\\\/180528-artikel-telegramme-e1527494482237.png\",\"articleSection\":[\"Nieuws\"],\"inLanguage\":\"nl-NL\",\"potentialAction\":[{\"@type\":\"CommentAction\",\"name\":\"Comment\",\"target\":[\"https:\\\/\\\/camping-kerisole.fr\\\/nl\\\/de-drie-sterren-vermeld-in-de-telegramme\\\/#respond\"]}]},{\"@type\":\"WebPage\",\"@id\":\"https:\\\/\\\/camping-kerisole.fr\\\/nl\\\/de-drie-sterren-vermeld-in-de-telegramme\\\/\",\"url\":\"https:\\\/\\\/camping-kerisole.fr\\\/nl\\\/de-drie-sterren-vermeld-in-de-telegramme\\\/\",\"name\":\"De drie sterren vermeld in de Telegramme - Camping Kerisole\",\"isPartOf\":{\"@id\":\"https:\\\/\\\/camping-kerisole.fr\\\/nl\\\/#website\"},\"primaryImageOfPage\":{\"@id\":\"https:\\\/\\\/camping-kerisole.fr\\\/nl\\\/de-drie-sterren-vermeld-in-de-telegramme\\\/#primaryimage\"},\"image\":{\"@id\":\"https:\\\/\\\/camping-kerisole.fr\\\/nl\\\/de-drie-sterren-vermeld-in-de-telegramme\\\/#primaryimage\"},\"thumbnailUrl\":\"https:\\\/\\\/camping-kerisole.fr\\\/wp-content\\\/uploads\\\/2018\\\/05\\\/180528-artikel-telegramme-e1527494482237.png\",\"datePublished\":\"2018-05-28T07:33:05+00:00\",\"dateModified\":\"2018-05-28T08:05:03+00:00\",\"description\":\"Pour des vacances uniques en Bretagne : Le camping Kerisole*** est un camping convivial et chaleureux. Nous attachons beaucoup d\u2019importance au bien-\u00eatre, ainsi qu\u2019aux besoins de nos clients. Rappelez-vous \u00e9tant jeune, ces vacances, \u00e0 jamais grav\u00e9 dans votre m\u00e9moire, au c\u0153ur d\u2019un camping dans lequel la convivialit\u00e9 primait, voici ce que nous voulons vous offrir. Un cadre id\u00e9al pour que chacun puisse pratiquer diverses activit\u00e9s, qui permettront assur\u00e9ment, et ce qu\u2019importe votre \u00e2ge, de passer du bon temps. Le camping est ouvert d\u2019avril \u00e0 octobre.\",\"breadcrumb\":{\"@id\":\"https:\\\/\\\/camping-kerisole.fr\\\/nl\\\/de-drie-sterren-vermeld-in-de-telegramme\\\/#breadcrumb\"},\"inLanguage\":\"nl-NL\",\"potentialAction\":[{\"@type\":\"ReadAction\",\"target\":[\"https:\\\/\\\/camping-kerisole.fr\\\/nl\\\/de-drie-sterren-vermeld-in-de-telegramme\\\/\"]}]},{\"@type\":\"ImageObject\",\"inLanguage\":\"nl-NL\",\"@id\":\"https:\\\/\\\/camping-kerisole.fr\\\/nl\\\/de-drie-sterren-vermeld-in-de-telegramme\\\/#primaryimage\",\"url\":\"https:\\\/\\\/camping-kerisole.fr\\\/wp-content\\\/uploads\\\/2018\\\/05\\\/180528-artikel-telegramme-e1527494482237.png\",\"contentUrl\":\"https:\\\/\\\/camping-kerisole.fr\\\/wp-content\\\/uploads\\\/2018\\\/05\\\/180528-artikel-telegramme-e1527494482237.png\",\"width\":450,\"height\":599},{\"@type\":\"BreadcrumbList\",\"@id\":\"https:\\\/\\\/camping-kerisole.fr\\\/nl\\\/de-drie-sterren-vermeld-in-de-telegramme\\\/#breadcrumb\",\"itemListElement\":[{\"@type\":\"ListItem\",\"position\":1,\"name\":\"Accueil\",\"item\":\"https:\\\/\\\/camping-kerisole.fr\\\/nl\\\/home\\\/\"},{\"@type\":\"ListItem\",\"position\":2,\"name\":\"De drie sterren vermeld in de Telegramme\"}]},{\"@type\":\"WebSite\",\"@id\":\"https:\\\/\\\/camping-kerisole.fr\\\/nl\\\/#website\",\"url\":\"https:\\\/\\\/camping-kerisole.fr\\\/nl\\\/\",\"name\":\"Camping Kerisole\",\"description\":\"Un camping unique en Bretagne !\",\"publisher\":{\"@id\":\"https:\\\/\\\/camping-kerisole.fr\\\/nl\\\/#organization\"},\"potentialAction\":[{\"@type\":\"SearchAction\",\"target\":{\"@type\":\"EntryPoint\",\"urlTemplate\":\"https:\\\/\\\/camping-kerisole.fr\\\/nl\\\/?s={search_term_string}\"},\"query-input\":{\"@type\":\"PropertyValueSpecification\",\"valueRequired\":true,\"valueName\":\"search_term_string\"}}],\"inLanguage\":\"nl-NL\"},{\"@type\":\"Organization\",\"@id\":\"https:\\\/\\\/camping-kerisole.fr\\\/nl\\\/#organization\",\"name\":\"Camping Kerisole***\",\"url\":\"https:\\\/\\\/camping-kerisole.fr\\\/nl\\\/\",\"logo\":{\"@type\":\"ImageObject\",\"inLanguage\":\"nl-NL\",\"@id\":\"https:\\\/\\\/camping-kerisole.fr\\\/nl\\\/#\\\/schema\\\/logo\\\/image\\\/\",\"url\":\"https:\\\/\\\/camping-kerisole.fr\\\/wp-content\\\/uploads\\\/2022\\\/05\\\/logo-Camping-Kerisole-rectangulaire.png\",\"contentUrl\":\"https:\\\/\\\/camping-kerisole.fr\\\/wp-content\\\/uploads\\\/2022\\\/05\\\/logo-Camping-Kerisole-rectangulaire.png\",\"width\":1148,\"height\":766,\"caption\":\"Camping Kerisole***\"},\"image\":{\"@id\":\"https:\\\/\\\/camping-kerisole.fr\\\/nl\\\/#\\\/schema\\\/logo\\\/image\\\/\"},\"sameAs\":[\"http:\\\/\\\/www.facebook.com\\\/campingkerisole\"]},{\"@type\":\"Person\",\"@id\":\"https:\\\/\\\/camping-kerisole.fr\\\/nl\\\/#\\\/schema\\\/person\\\/5e01a608393e664f6ef32d36880601eb\",\"name\":\"Andy Gerling\",\"url\":\"https:\\\/\\\/camping-kerisole.fr\\\/nl\\\/author\\\/andy\\\/\"}]}<\/script>\n<!-- \/ Yoast SEO plugin. -->","yoast_head_json":{"title":"De drie sterren vermeld in de Telegramme - Camping Kerisole","description":"Pour des vacances uniques en Bretagne : Le camping Kerisole*** est un camping convivial et chaleureux. Nous attachons beaucoup d\u2019importance au bien-\u00eatre, ainsi qu\u2019aux besoins de nos clients. Rappelez-vous \u00e9tant jeune, ces vacances, \u00e0 jamais grav\u00e9 dans votre m\u00e9moire, au c\u0153ur d\u2019un camping dans lequel la convivialit\u00e9 primait, voici ce que nous voulons vous offrir. Un cadre id\u00e9al pour que chacun puisse pratiquer diverses activit\u00e9s, qui permettront assur\u00e9ment, et ce qu\u2019importe votre \u00e2ge, de passer du bon temps. Le camping est ouvert d\u2019avril \u00e0 octobre.","robots":{"index":"index","follow":"follow","max-snippet":"max-snippet:-1","max-image-preview":"max-image-preview:large","max-video-preview":"max-video-preview:-1"},"canonical":"https:\/\/camping-kerisole.fr\/nl\/de-drie-sterren-vermeld-in-de-telegramme\/","og_locale":"nl_NL","og_type":"article","og_title":"De drie sterren vermeld in de Telegramme - Camping Kerisole","og_description":"Pour des vacances uniques en Bretagne : Le camping Kerisole*** est un camping convivial et chaleureux. Nous attachons beaucoup d\u2019importance au bien-\u00eatre, ainsi qu\u2019aux besoins de nos clients. Rappelez-vous \u00e9tant jeune, ces vacances, \u00e0 jamais grav\u00e9 dans votre m\u00e9moire, au c\u0153ur d\u2019un camping dans lequel la convivialit\u00e9 primait, voici ce que nous voulons vous offrir. Un cadre id\u00e9al pour que chacun puisse pratiquer diverses activit\u00e9s, qui permettront assur\u00e9ment, et ce qu\u2019importe votre \u00e2ge, de passer du bon temps. Le camping est ouvert d\u2019avril \u00e0 octobre.","og_url":"https:\/\/camping-kerisole.fr\/nl\/de-drie-sterren-vermeld-in-de-telegramme\/","og_site_name":"Camping Kerisole","article_publisher":"http:\/\/www.facebook.com\/campingkerisole","article_published_time":"2018-05-28T07:33:05+00:00","article_modified_time":"2018-05-28T08:05:03+00:00","og_image":[{"width":450,"height":599,"url":"https:\/\/camping-kerisole.fr\/wp-content\/uploads\/2018\/05\/180528-artikel-telegramme-e1527494482237.png","type":"image\/png"}],"author":"Andy Gerling","twitter_card":"summary_large_image","twitter_misc":{"Geschreven door":"Andy Gerling"},"schema":{"@context":"https:\/\/schema.org","@graph":[{"@type":"Article","@id":"https:\/\/camping-kerisole.fr\/nl\/de-drie-sterren-vermeld-in-de-telegramme\/#article","isPartOf":{"@id":"https:\/\/camping-kerisole.fr\/nl\/de-drie-sterren-vermeld-in-de-telegramme\/"},"author":{"name":"Andy Gerling","@id":"https:\/\/camping-kerisole.fr\/nl\/#\/schema\/person\/5e01a608393e664f6ef32d36880601eb"},"headline":"De drie sterren vermeld in de Telegramme","datePublished":"2018-05-28T07:33:05+00:00","dateModified":"2018-05-28T08:05:03+00:00","mainEntityOfPage":{"@id":"https:\/\/camping-kerisole.fr\/nl\/de-drie-sterren-vermeld-in-de-telegramme\/"},"wordCount":32,"commentCount":0,"publisher":{"@id":"https:\/\/camping-kerisole.fr\/nl\/#organization"},"image":{"@id":"https:\/\/camping-kerisole.fr\/nl\/de-drie-sterren-vermeld-in-de-telegramme\/#primaryimage"},"thumbnailUrl":"https:\/\/camping-kerisole.fr\/wp-content\/uploads\/2018\/05\/180528-artikel-telegramme-e1527494482237.png","articleSection":["Nieuws"],"inLanguage":"nl-NL","potentialAction":[{"@type":"CommentAction","name":"Comment","target":["https:\/\/camping-kerisole.fr\/nl\/de-drie-sterren-vermeld-in-de-telegramme\/#respond"]}]},{"@type":"WebPage","@id":"https:\/\/camping-kerisole.fr\/nl\/de-drie-sterren-vermeld-in-de-telegramme\/","url":"https:\/\/camping-kerisole.fr\/nl\/de-drie-sterren-vermeld-in-de-telegramme\/","name":"De drie sterren vermeld in de Telegramme - Camping Kerisole","isPartOf":{"@id":"https:\/\/camping-kerisole.fr\/nl\/#website"},"primaryImageOfPage":{"@id":"https:\/\/camping-kerisole.fr\/nl\/de-drie-sterren-vermeld-in-de-telegramme\/#primaryimage"},"image":{"@id":"https:\/\/camping-kerisole.fr\/nl\/de-drie-sterren-vermeld-in-de-telegramme\/#primaryimage"},"thumbnailUrl":"https:\/\/camping-kerisole.fr\/wp-content\/uploads\/2018\/05\/180528-artikel-telegramme-e1527494482237.png","datePublished":"2018-05-28T07:33:05+00:00","dateModified":"2018-05-28T08:05:03+00:00","description":"Pour des vacances uniques en Bretagne : Le camping Kerisole*** est un camping convivial et chaleureux. Nous attachons beaucoup d\u2019importance au bien-\u00eatre, ainsi qu\u2019aux besoins de nos clients. Rappelez-vous \u00e9tant jeune, ces vacances, \u00e0 jamais grav\u00e9 dans votre m\u00e9moire, au c\u0153ur d\u2019un camping dans lequel la convivialit\u00e9 primait, voici ce que nous voulons vous offrir. Un cadre id\u00e9al pour que chacun puisse pratiquer diverses activit\u00e9s, qui permettront assur\u00e9ment, et ce qu\u2019importe votre \u00e2ge, de passer du bon temps. Le camping est ouvert d\u2019avril \u00e0 octobre.","breadcrumb":{"@id":"https:\/\/camping-kerisole.fr\/nl\/de-drie-sterren-vermeld-in-de-telegramme\/#breadcrumb"},"inLanguage":"nl-NL","potentialAction":[{"@type":"ReadAction","target":["https:\/\/camping-kerisole.fr\/nl\/de-drie-sterren-vermeld-in-de-telegramme\/"]}]},{"@type":"ImageObject","inLanguage":"nl-NL","@id":"https:\/\/camping-kerisole.fr\/nl\/de-drie-sterren-vermeld-in-de-telegramme\/#primaryimage","url":"https:\/\/camping-kerisole.fr\/wp-content\/uploads\/2018\/05\/180528-artikel-telegramme-e1527494482237.png","contentUrl":"https:\/\/camping-kerisole.fr\/wp-content\/uploads\/2018\/05\/180528-artikel-telegramme-e1527494482237.png","width":450,"height":599},{"@type":"BreadcrumbList","@id":"https:\/\/camping-kerisole.fr\/nl\/de-drie-sterren-vermeld-in-de-telegramme\/#breadcrumb","itemListElement":[{"@type":"ListItem","position":1,"name":"Accueil","item":"https:\/\/camping-kerisole.fr\/nl\/home\/"},{"@type":"ListItem","position":2,"name":"De drie sterren vermeld in de Telegramme"}]},{"@type":"WebSite","@id":"https:\/\/camping-kerisole.fr\/nl\/#website","url":"https:\/\/camping-kerisole.fr\/nl\/","name":"Camping Kerisole","description":"Un camping unique en Bretagne !","publisher":{"@id":"https:\/\/camping-kerisole.fr\/nl\/#organization"},"potentialAction":[{"@type":"SearchAction","target":{"@type":"EntryPoint","urlTemplate":"https:\/\/camping-kerisole.fr\/nl\/?s={search_term_string}"},"query-input":{"@type":"PropertyValueSpecification","valueRequired":true,"valueName":"search_term_string"}}],"inLanguage":"nl-NL"},{"@type":"Organization","@id":"https:\/\/camping-kerisole.fr\/nl\/#organization","name":"Camping Kerisole***","url":"https:\/\/camping-kerisole.fr\/nl\/","logo":{"@type":"ImageObject","inLanguage":"nl-NL","@id":"https:\/\/camping-kerisole.fr\/nl\/#\/schema\/logo\/image\/","url":"https:\/\/camping-kerisole.fr\/wp-content\/uploads\/2022\/05\/logo-Camping-Kerisole-rectangulaire.png","contentUrl":"https:\/\/camping-kerisole.fr\/wp-content\/uploads\/2022\/05\/logo-Camping-Kerisole-rectangulaire.png","width":1148,"height":766,"caption":"Camping Kerisole***"},"image":{"@id":"https:\/\/camping-kerisole.fr\/nl\/#\/schema\/logo\/image\/"},"sameAs":["http:\/\/www.facebook.com\/campingkerisole"]},{"@type":"Person","@id":"https:\/\/camping-kerisole.fr\/nl\/#\/schema\/person\/5e01a608393e664f6ef32d36880601eb","name":"Andy Gerling","url":"https:\/\/camping-kerisole.fr\/nl\/author\/andy\/"}]}},"_links":{"self":[{"href":"https:\/\/camping-kerisole.fr\/nl\/wp-json\/wp\/v2\/posts\/5865","targetHints":{"allow":["GET"]}}],"collection":[{"href":"https:\/\/camping-kerisole.fr\/nl\/wp-json\/wp\/v2\/posts"}],"about":[{"href":"https:\/\/camping-kerisole.fr\/nl\/wp-json\/wp\/v2\/types\/post"}],"author":[{"embeddable":true,"href":"https:\/\/camping-kerisole.fr\/nl\/wp-json\/wp\/v2\/users\/6"}],"replies":[{"embeddable":true,"href":"https:\/\/camping-kerisole.fr\/nl\/wp-json\/wp\/v2\/comments?post=5865"}],"version-history":[{"count":0,"href":"https:\/\/camping-kerisole.fr\/nl\/wp-json\/wp\/v2\/posts\/5865\/revisions"}],"wp:featuredmedia":[{"embeddable":true,"href":"https:\/\/camping-kerisole.fr\/nl\/wp-json\/wp\/v2\/media\/5866"}],"wp:attachment":[{"href":"https:\/\/camping-kerisole.fr\/nl\/wp-json\/wp\/v2\/media?parent=5865"}],"wp:term":[{"taxonomy":"category","embeddable":true,"href":"https:\/\/camping-kerisole.fr\/nl\/wp-json\/wp\/v2\/categories?post=5865"},{"taxonomy":"post_tag","embeddable":true,"href":"https:\/\/camping-kerisole.fr\/nl\/wp-json\/wp\/v2\/tags?post=5865"}],"curies":[{"name":"wp","href":"https:\/\/api.w.org\/{rel}","templated":true}]}}